{"id":7467,"date":"2024-07-01T08:00:00","date_gmt":"2024-07-01T06:00:00","guid":{"rendered":"https:\/\/www.foretadrenaline.com\/carnac\/?p=7467"},"modified":"2024-07-05T13:48:41","modified_gmt":"2024-07-05T11:48:41","slug":"lactualite-du-parc-en-juillet","status":"publish","type":"post","link":"https:\/\/www.foretadrenaline.com\/carnac\/lactualite-du-parc-en-juillet\/","title":{"rendered":"L&rsquo;actualit\u00e9 du parc en juillet"},"content":{"rendered":"\n<p>Ce qu&rsquo;il ne faut pas louper<\/p>\n\n\n\n<ul class=\"wp-block-list\">\n<li>D\u00e9couvrez les savoureuses cr\u00eapes du food truck &lsquo;<a href=\"https:\/\/www.instagram.com\/siblings.crepes\/\">Siblings<\/a>&lsquo; tous les mardis, mercredis et jeudis TOUS le mois de JUILLET &amp; AOUT. Plus d&rsquo;infos ici : <a href=\"https:\/\/www.foretadrenaline.com\/carnac\/celebrons-ensemble-20-ans-daventure\/\">For\u00eat Adr\u00e9naline f\u00eate 20 ans d&rsquo;aventure &#8211; c\u00e9l\u00e9brons ensemble (foretadrenaline.com)<\/a><\/li>\n<\/ul>\n\n\n\n<ul class=\"wp-block-list\">\n<li>Ne manquez pas l&rsquo;expos-ventes de la <a href=\"https:\/\/www.miellerie-alre.fr\/\">Miellerie d\u2019Alr\u00e9<\/a> le mardi 23 juillet 2024 de 12h \u00e0 17h45.<\/li>\n<\/ul>\n\n\n\n<ul class=\"wp-block-list\">\n<li>La <a href=\"https:\/\/seal-brasserie.fr\/\">brasserie SEAL <\/a>de Pluneret sera quant \u00e0 elle pr\u00e9sente le 18 juillet 2024 d\u00e8s 11h. <\/li>\n<\/ul>\n\n\n\n<ul class=\"wp-block-list\">\n<li>\u00c0 partir du 4 juillet, le site fait peau neuve ! Il sera plus interactif et convivial&nbsp;!<\/li>\n<\/ul>\n\n\n\n<figure class=\"wp-block-image size-large\"><img loading=\"lazy\" decoding=\"async\" width=\"1024\" height=\"1024\" src=\"https:\/\/www.foretadrenaline.com\/carnac\/wp-content\/uploads\/sites\/2\/2024\/07\/Actus-carnac-1024x1024.png\" alt=\"\" class=\"wp-image-7510\" srcset=\"https:\/\/www.foretadrenaline.com\/carnac\/wp-content\/uploads\/sites\/2\/2024\/07\/Actus-carnac-1024x1024.png 1024w, https:\/\/www.foretadrenaline.com\/carnac\/wp-content\/uploads\/sites\/2\/2024\/07\/Actus-carnac-300x300.png 300w, https:\/\/www.foretadrenaline.com\/carnac\/wp-content\/uploads\/sites\/2\/2024\/07\/Actus-carnac-150x150.png 150w, https:\/\/www.foretadrenaline.com\/carnac\/wp-content\/uploads\/sites\/2\/2024\/07\/Actus-carnac-768x768.png 768w, https:\/\/www.foretadrenaline.com\/carnac\/wp-content\/uploads\/sites\/2\/2024\/07\/Actus-carnac-263x263.png 263w, https:\/\/www.foretadrenaline.com\/carnac\/wp-content\/uploads\/sites\/2\/2024\/07\/Actus-carnac-570x570.png 570w, https:\/\/www.foretadrenaline.com\/carnac\/wp-content\/uploads\/sites\/2\/2024\/07\/Actus-carnac.png 1080w\" sizes=\"auto, (max-width: 1024px) 100vw, 1024px\" \/><\/figure>\n","protected":false},"excerpt":{"rendered":"<p>Ce qu&rsquo;il ne faut pas louper<\/p>\n","protected":false},"author":2,"featured_media":7468,"comment_status":"closed","ping_status":"closed","sticky":false,"template":"","format":"standard","meta":{"_acf_changed":false,"footnotes":""},"categories":[3],"tags":[],"class_list":["post-7467","post","type-post","status-publish","format-standard","has-post-thumbnail","hentry","category-actualites"],"acf":[],"yoast_head":"<!-- This site is optimized with the Yoast SEO plugin v27.5 - https:\/\/yoast.com\/product\/yoast-seo-wordpress\/ -->\n<title>L&#039;actualit\u00e9 du parc en juillet - For\u00eat Adr\u00e9naline - Carnac<\/title>\n<meta name=\"description\" content=\"Les actualit\u00e9s du parc et ses bons plans de juillet ; food truck, animations, \u00e9v\u00e8nements, offres, ouvertures etc ...\" \/>\n<meta name=\"robots\" content=\"index, follow, max-snippet:-1, max-image-preview:large, max-video-preview:-1\" \/>\n<link rel=\"canonical\" href=\"https:\/\/www.foretadrenaline.com\/carnac\/lactualite-du-parc-en-juillet\/\" \/>\n<meta property=\"og:locale\" content=\"fr_FR\" \/>\n<meta property=\"og:type\" content=\"article\" \/>\n<meta property=\"og:title\" content=\"L&#039;actualit\u00e9 du parc en juillet - For\u00eat Adr\u00e9naline - Carnac\" \/>\n<meta property=\"og:description\" content=\"Les actualit\u00e9s du parc et ses bons plans de juillet ; food truck, animations, \u00e9v\u00e8nements, offres, ouvertures etc ...\" \/>\n<meta property=\"og:url\" content=\"https:\/\/www.foretadrenaline.com\/carnac\/lactualite-du-parc-en-juillet\/\" \/>\n<meta property=\"og:site_name\" content=\"For\u00eat Adr\u00e9naline - Carnac\" \/>\n<meta property=\"article:publisher\" content=\"https:\/\/www.facebook.com\/foretadrenaline.carnac\/\" \/>\n<meta property=\"article:published_time\" content=\"2024-07-01T06:00:00+00:00\" \/>\n<meta property=\"article:modified_time\" content=\"2024-07-05T11:48:41+00:00\" \/>\n<meta property=\"og:image\" content=\"https:\/\/www.foretadrenaline.com\/carnac\/wp-content\/uploads\/sites\/2\/2024\/06\/Actus-carnac.png\" \/>\n\t<meta property=\"og:image:width\" content=\"1080\" \/>\n\t<meta property=\"og:image:height\" content=\"1080\" \/>\n\t<meta property=\"og:image:type\" content=\"image\/png\" \/>\n<meta name=\"author\" content=\"Claire\" \/>\n<meta name=\"twitter:card\" content=\"summary_large_image\" \/>\n<meta name=\"twitter:label1\" content=\"\u00c9crit par\" \/>\n\t<meta name=\"twitter:data1\" content=\"Claire\" \/>\n\t<meta name=\"twitter:label2\" content=\"Dur\u00e9e de lecture estim\u00e9e\" \/>\n\t<meta name=\"twitter:data2\" content=\"1 minute\" \/>\n<script type=\"application\/ld+json\" class=\"yoast-schema-graph\">{\"@context\":\"https:\\\/\\\/schema.org\",\"@graph\":[{\"@type\":\"Article\",\"@id\":\"https:\\\/\\\/www.foretadrenaline.com\\\/carnac\\\/lactualite-du-parc-en-juillet\\\/#article\",\"isPartOf\":{\"@id\":\"https:\\\/\\\/www.foretadrenaline.com\\\/carnac\\\/lactualite-du-parc-en-juillet\\\/\"},\"author\":{\"name\":\"Claire\",\"@id\":\"https:\\\/\\\/www.foretadrenaline.com\\\/carnac\\\/#\\\/schema\\\/person\\\/e0e72fb4887dcec65d7646e377946911\"},\"headline\":\"L&rsquo;actualit\u00e9 du parc en juillet\",\"datePublished\":\"2024-07-01T06:00:00+00:00\",\"dateModified\":\"2024-07-05T11:48:41+00:00\",\"mainEntityOfPage\":{\"@id\":\"https:\\\/\\\/www.foretadrenaline.com\\\/carnac\\\/lactualite-du-parc-en-juillet\\\/\"},\"wordCount\":102,\"publisher\":{\"@id\":\"https:\\\/\\\/www.foretadrenaline.com\\\/carnac\\\/#organization\"},\"image\":{\"@id\":\"https:\\\/\\\/www.foretadrenaline.com\\\/carnac\\\/lactualite-du-parc-en-juillet\\\/#primaryimage\"},\"thumbnailUrl\":\"https:\\\/\\\/www.foretadrenaline.com\\\/carnac\\\/wp-content\\\/uploads\\\/sites\\\/2\\\/2024\\\/06\\\/Actus-carnac.png\",\"articleSection\":[\"Actualit\u00e9s\"],\"inLanguage\":\"fr-FR\"},{\"@type\":\"WebPage\",\"@id\":\"https:\\\/\\\/www.foretadrenaline.com\\\/carnac\\\/lactualite-du-parc-en-juillet\\\/\",\"url\":\"https:\\\/\\\/www.foretadrenaline.com\\\/carnac\\\/lactualite-du-parc-en-juillet\\\/\",\"name\":\"L'actualit\u00e9 du parc en juillet - For\u00eat Adr\u00e9naline - Carnac\",\"isPartOf\":{\"@id\":\"https:\\\/\\\/www.foretadrenaline.com\\\/carnac\\\/#website\"},\"primaryImageOfPage\":{\"@id\":\"https:\\\/\\\/www.foretadrenaline.com\\\/carnac\\\/lactualite-du-parc-en-juillet\\\/#primaryimage\"},\"image\":{\"@id\":\"https:\\\/\\\/www.foretadrenaline.com\\\/carnac\\\/lactualite-du-parc-en-juillet\\\/#primaryimage\"},\"thumbnailUrl\":\"https:\\\/\\\/www.foretadrenaline.com\\\/carnac\\\/wp-content\\\/uploads\\\/sites\\\/2\\\/2024\\\/06\\\/Actus-carnac.png\",\"datePublished\":\"2024-07-01T06:00:00+00:00\",\"dateModified\":\"2024-07-05T11:48:41+00:00\",\"description\":\"Les actualit\u00e9s du parc et ses bons plans de juillet ; food truck, animations, \u00e9v\u00e8nements, offres, ouvertures etc ...\",\"breadcrumb\":{\"@id\":\"https:\\\/\\\/www.foretadrenaline.com\\\/carnac\\\/lactualite-du-parc-en-juillet\\\/#breadcrumb\"},\"inLanguage\":\"fr-FR\",\"potentialAction\":[{\"@type\":\"ReadAction\",\"target\":[\"https:\\\/\\\/www.foretadrenaline.com\\\/carnac\\\/lactualite-du-parc-en-juillet\\\/\"]}]},{\"@type\":\"ImageObject\",\"inLanguage\":\"fr-FR\",\"@id\":\"https:\\\/\\\/www.foretadrenaline.com\\\/carnac\\\/lactualite-du-parc-en-juillet\\\/#primaryimage\",\"url\":\"https:\\\/\\\/www.foretadrenaline.com\\\/carnac\\\/wp-content\\\/uploads\\\/sites\\\/2\\\/2024\\\/06\\\/Actus-carnac.png\",\"contentUrl\":\"https:\\\/\\\/www.foretadrenaline.com\\\/carnac\\\/wp-content\\\/uploads\\\/sites\\\/2\\\/2024\\\/06\\\/Actus-carnac.png\",\"width\":1080,\"height\":1080,\"caption\":\"actus-juillet-carnac\"},{\"@type\":\"BreadcrumbList\",\"@id\":\"https:\\\/\\\/www.foretadrenaline.com\\\/carnac\\\/lactualite-du-parc-en-juillet\\\/#breadcrumb\",\"itemListElement\":[{\"@type\":\"ListItem\",\"position\":1,\"name\":\"Accueil\",\"item\":\"https:\\\/\\\/www.foretadrenaline.com\\\/carnac\\\/\"},{\"@type\":\"ListItem\",\"position\":2,\"name\":\"L&rsquo;actualit\u00e9 du parc en juillet\"}]},{\"@type\":\"WebSite\",\"@id\":\"https:\\\/\\\/www.foretadrenaline.com\\\/carnac\\\/#website\",\"url\":\"https:\\\/\\\/www.foretadrenaline.com\\\/carnac\\\/\",\"name\":\"For\u00eat Adr\u00e9naline - Carnac\",\"description\":\"Un site utilisant For\u00eat Adr\u00e9naline\",\"publisher\":{\"@id\":\"https:\\\/\\\/www.foretadrenaline.com\\\/carnac\\\/#organization\"},\"potentialAction\":[{\"@type\":\"SearchAction\",\"target\":{\"@type\":\"EntryPoint\",\"urlTemplate\":\"https:\\\/\\\/www.foretadrenaline.com\\\/carnac\\\/?s={search_term_string}\"},\"query-input\":{\"@type\":\"PropertyValueSpecification\",\"valueRequired\":true,\"valueName\":\"search_term_string\"}}],\"inLanguage\":\"fr-FR\"},{\"@type\":\"Organization\",\"@id\":\"https:\\\/\\\/www.foretadrenaline.com\\\/carnac\\\/#organization\",\"name\":\"For\u00eat Adr\u00e9naline Carnac\",\"url\":\"https:\\\/\\\/www.foretadrenaline.com\\\/carnac\\\/\",\"logo\":{\"@type\":\"ImageObject\",\"inLanguage\":\"fr-FR\",\"@id\":\"https:\\\/\\\/www.foretadrenaline.com\\\/carnac\\\/#\\\/schema\\\/logo\\\/image\\\/\",\"url\":\"https:\\\/\\\/www.foretadrenaline.com\\\/carnac\\\/wp-content\\\/uploads\\\/sites\\\/2\\\/2019\\\/04\\\/ForetAdrenalineCarnac.png\",\"contentUrl\":\"https:\\\/\\\/www.foretadrenaline.com\\\/carnac\\\/wp-content\\\/uploads\\\/sites\\\/2\\\/2019\\\/04\\\/ForetAdrenalineCarnac.png\",\"width\":191,\"height\":173,\"caption\":\"For\u00eat Adr\u00e9naline Carnac\"},\"image\":{\"@id\":\"https:\\\/\\\/www.foretadrenaline.com\\\/carnac\\\/#\\\/schema\\\/logo\\\/image\\\/\"},\"sameAs\":[\"https:\\\/\\\/www.facebook.com\\\/foretadrenaline.carnac\\\/\",\"https:\\\/\\\/www.instagram.com\\\/foretadrenaline\\\/\"]},{\"@type\":\"Person\",\"@id\":\"https:\\\/\\\/www.foretadrenaline.com\\\/carnac\\\/#\\\/schema\\\/person\\\/e0e72fb4887dcec65d7646e377946911\",\"name\":\"Claire\",\"image\":{\"@type\":\"ImageObject\",\"inLanguage\":\"fr-FR\",\"@id\":\"https:\\\/\\\/secure.gravatar.com\\\/avatar\\\/5d3abbcf03b6675432f3f99830f18bd0313ed9c0a78dd9a44d4b8ba9831f06c9?s=96&d=mm&r=g\",\"url\":\"https:\\\/\\\/secure.gravatar.com\\\/avatar\\\/5d3abbcf03b6675432f3f99830f18bd0313ed9c0a78dd9a44d4b8ba9831f06c9?s=96&d=mm&r=g\",\"contentUrl\":\"https:\\\/\\\/secure.gravatar.com\\\/avatar\\\/5d3abbcf03b6675432f3f99830f18bd0313ed9c0a78dd9a44d4b8ba9831f06c9?s=96&d=mm&r=g\",\"caption\":\"Claire\"}}]}<\/script>\n<!-- \/ Yoast SEO plugin. -->","yoast_head_json":{"title":"L'actualit\u00e9 du parc en juillet - For\u00eat Adr\u00e9naline - Carnac","description":"Les actualit\u00e9s du parc et ses bons plans de juillet ; food truck, animations, \u00e9v\u00e8nements, offres, ouvertures etc ...","robots":{"index":"index","follow":"follow","max-snippet":"max-snippet:-1","max-image-preview":"max-image-preview:large","max-video-preview":"max-video-preview:-1"},"canonical":"https:\/\/www.foretadrenaline.com\/carnac\/lactualite-du-parc-en-juillet\/","og_locale":"fr_FR","og_type":"article","og_title":"L'actualit\u00e9 du parc en juillet - For\u00eat Adr\u00e9naline - Carnac","og_description":"Les actualit\u00e9s du parc et ses bons plans de juillet ; food truck, animations, \u00e9v\u00e8nements, offres, ouvertures etc ...","og_url":"https:\/\/www.foretadrenaline.com\/carnac\/lactualite-du-parc-en-juillet\/","og_site_name":"For\u00eat Adr\u00e9naline - Carnac","article_publisher":"https:\/\/www.facebook.com\/foretadrenaline.carnac\/","article_published_time":"2024-07-01T06:00:00+00:00","article_modified_time":"2024-07-05T11:48:41+00:00","og_image":[{"width":1080,"height":1080,"url":"https:\/\/www.foretadrenaline.com\/carnac\/wp-content\/uploads\/sites\/2\/2024\/06\/Actus-carnac.png","type":"image\/png"}],"author":"Claire","twitter_card":"summary_large_image","twitter_misc":{"\u00c9crit par":"Claire","Dur\u00e9e de lecture estim\u00e9e":"1 minute"},"schema":{"@context":"https:\/\/schema.org","@graph":[{"@type":"Article","@id":"https:\/\/www.foretadrenaline.com\/carnac\/lactualite-du-parc-en-juillet\/#article","isPartOf":{"@id":"https:\/\/www.foretadrenaline.com\/carnac\/lactualite-du-parc-en-juillet\/"},"author":{"name":"Claire","@id":"https:\/\/www.foretadrenaline.com\/carnac\/#\/schema\/person\/e0e72fb4887dcec65d7646e377946911"},"headline":"L&rsquo;actualit\u00e9 du parc en juillet","datePublished":"2024-07-01T06:00:00+00:00","dateModified":"2024-07-05T11:48:41+00:00","mainEntityOfPage":{"@id":"https:\/\/www.foretadrenaline.com\/carnac\/lactualite-du-parc-en-juillet\/"},"wordCount":102,"publisher":{"@id":"https:\/\/www.foretadrenaline.com\/carnac\/#organization"},"image":{"@id":"https:\/\/www.foretadrenaline.com\/carnac\/lactualite-du-parc-en-juillet\/#primaryimage"},"thumbnailUrl":"https:\/\/www.foretadrenaline.com\/carnac\/wp-content\/uploads\/sites\/2\/2024\/06\/Actus-carnac.png","articleSection":["Actualit\u00e9s"],"inLanguage":"fr-FR"},{"@type":"WebPage","@id":"https:\/\/www.foretadrenaline.com\/carnac\/lactualite-du-parc-en-juillet\/","url":"https:\/\/www.foretadrenaline.com\/carnac\/lactualite-du-parc-en-juillet\/","name":"L'actualit\u00e9 du parc en juillet - For\u00eat Adr\u00e9naline - Carnac","isPartOf":{"@id":"https:\/\/www.foretadrenaline.com\/carnac\/#website"},"primaryImageOfPage":{"@id":"https:\/\/www.foretadrenaline.com\/carnac\/lactualite-du-parc-en-juillet\/#primaryimage"},"image":{"@id":"https:\/\/www.foretadrenaline.com\/carnac\/lactualite-du-parc-en-juillet\/#primaryimage"},"thumbnailUrl":"https:\/\/www.foretadrenaline.com\/carnac\/wp-content\/uploads\/sites\/2\/2024\/06\/Actus-carnac.png","datePublished":"2024-07-01T06:00:00+00:00","dateModified":"2024-07-05T11:48:41+00:00","description":"Les actualit\u00e9s du parc et ses bons plans de juillet ; food truck, animations, \u00e9v\u00e8nements, offres, ouvertures etc ...","breadcrumb":{"@id":"https:\/\/www.foretadrenaline.com\/carnac\/lactualite-du-parc-en-juillet\/#breadcrumb"},"inLanguage":"fr-FR","potentialAction":[{"@type":"ReadAction","target":["https:\/\/www.foretadrenaline.com\/carnac\/lactualite-du-parc-en-juillet\/"]}]},{"@type":"ImageObject","inLanguage":"fr-FR","@id":"https:\/\/www.foretadrenaline.com\/carnac\/lactualite-du-parc-en-juillet\/#primaryimage","url":"https:\/\/www.foretadrenaline.com\/carnac\/wp-content\/uploads\/sites\/2\/2024\/06\/Actus-carnac.png","contentUrl":"https:\/\/www.foretadrenaline.com\/carnac\/wp-content\/uploads\/sites\/2\/2024\/06\/Actus-carnac.png","width":1080,"height":1080,"caption":"actus-juillet-carnac"},{"@type":"BreadcrumbList","@id":"https:\/\/www.foretadrenaline.com\/carnac\/lactualite-du-parc-en-juillet\/#breadcrumb","itemListElement":[{"@type":"ListItem","position":1,"name":"Accueil","item":"https:\/\/www.foretadrenaline.com\/carnac\/"},{"@type":"ListItem","position":2,"name":"L&rsquo;actualit\u00e9 du parc en juillet"}]},{"@type":"WebSite","@id":"https:\/\/www.foretadrenaline.com\/carnac\/#website","url":"https:\/\/www.foretadrenaline.com\/carnac\/","name":"For\u00eat Adr\u00e9naline - Carnac","description":"Un site utilisant For\u00eat Adr\u00e9naline","publisher":{"@id":"https:\/\/www.foretadrenaline.com\/carnac\/#organization"},"potentialAction":[{"@type":"SearchAction","target":{"@type":"EntryPoint","urlTemplate":"https:\/\/www.foretadrenaline.com\/carnac\/?s={search_term_string}"},"query-input":{"@type":"PropertyValueSpecification","valueRequired":true,"valueName":"search_term_string"}}],"inLanguage":"fr-FR"},{"@type":"Organization","@id":"https:\/\/www.foretadrenaline.com\/carnac\/#organization","name":"For\u00eat Adr\u00e9naline Carnac","url":"https:\/\/www.foretadrenaline.com\/carnac\/","logo":{"@type":"ImageObject","inLanguage":"fr-FR","@id":"https:\/\/www.foretadrenaline.com\/carnac\/#\/schema\/logo\/image\/","url":"https:\/\/www.foretadrenaline.com\/carnac\/wp-content\/uploads\/sites\/2\/2019\/04\/ForetAdrenalineCarnac.png","contentUrl":"https:\/\/www.foretadrenaline.com\/carnac\/wp-content\/uploads\/sites\/2\/2019\/04\/ForetAdrenalineCarnac.png","width":191,"height":173,"caption":"For\u00eat Adr\u00e9naline Carnac"},"image":{"@id":"https:\/\/www.foretadrenaline.com\/carnac\/#\/schema\/logo\/image\/"},"sameAs":["https:\/\/www.facebook.com\/foretadrenaline.carnac\/","https:\/\/www.instagram.com\/foretadrenaline\/"]},{"@type":"Person","@id":"https:\/\/www.foretadrenaline.com\/carnac\/#\/schema\/person\/e0e72fb4887dcec65d7646e377946911","name":"Claire","image":{"@type":"ImageObject","inLanguage":"fr-FR","@id":"https:\/\/secure.gravatar.com\/avatar\/5d3abbcf03b6675432f3f99830f18bd0313ed9c0a78dd9a44d4b8ba9831f06c9?s=96&d=mm&r=g","url":"https:\/\/secure.gravatar.com\/avatar\/5d3abbcf03b6675432f3f99830f18bd0313ed9c0a78dd9a44d4b8ba9831f06c9?s=96&d=mm&r=g","contentUrl":"https:\/\/secure.gravatar.com\/avatar\/5d3abbcf03b6675432f3f99830f18bd0313ed9c0a78dd9a44d4b8ba9831f06c9?s=96&d=mm&r=g","caption":"Claire"}}]}},"_links":{"self":[{"href":"https:\/\/www.foretadrenaline.com\/carnac\/wp-json\/wp\/v2\/posts\/7467","targetHints":{"allow":["GET"]}}],"collection":[{"href":"https:\/\/www.foretadrenaline.com\/carnac\/wp-json\/wp\/v2\/posts"}],"about":[{"href":"https:\/\/www.foretadrenaline.com\/carnac\/wp-json\/wp\/v2\/types\/post"}],"author":[{"embeddable":true,"href":"https:\/\/www.foretadrenaline.com\/carnac\/wp-json\/wp\/v2\/users\/2"}],"replies":[{"embeddable":true,"href":"https:\/\/www.foretadrenaline.com\/carnac\/wp-json\/wp\/v2\/comments?post=7467"}],"version-history":[{"count":3,"href":"https:\/\/www.foretadrenaline.com\/carnac\/wp-json\/wp\/v2\/posts\/7467\/revisions"}],"predecessor-version":[{"id":7608,"href":"https:\/\/www.foretadrenaline.com\/carnac\/wp-json\/wp\/v2\/posts\/7467\/revisions\/7608"}],"wp:featuredmedia":[{"embeddable":true,"href":"https:\/\/www.foretadrenaline.com\/carnac\/wp-json\/wp\/v2\/media\/7468"}],"wp:attachment":[{"href":"https:\/\/www.foretadrenaline.com\/carnac\/wp-json\/wp\/v2\/media?parent=7467"}],"wp:term":[{"taxonomy":"category","embeddable":true,"href":"https:\/\/www.foretadrenaline.com\/carnac\/wp-json\/wp\/v2\/categories?post=7467"},{"taxonomy":"post_tag","embeddable":true,"href":"https:\/\/www.foretadrenaline.com\/carnac\/wp-json\/wp\/v2\/tags?post=7467"}],"curies":[{"name":"wp","href":"https:\/\/api.w.org\/{rel}","templated":true}]}}